{"id":3423,"date":"2024-06-26T12:00:12","date_gmt":"2024-06-26T12:00:12","guid":{"rendered":"https:\/\/msv1995.de\/?p=3423"},"modified":"2024-07-10T13:09:19","modified_gmt":"2024-07-10T13:09:19","slug":"b-jugend-sichert-sich-aufstieg-in-leistungsklasse","status":"publish","type":"post","link":"https:\/\/msv1995.de\/en\/b-jugend-sichert-sich-aufstieg-in-leistungsklasse","title":{"rendered":"B-YOUTH SECURES PROMOTION TO PERFORMANCE CLASS"},"content":{"rendered":"<div class=\"wpb-content-wrapper\"><div class=\"vc_row wpb_row vc_row-fluid\"><div class=\"wpb_column vc_column_container vc_col-sm-12\"><div class=\"vc_column-inner\"><div class=\"wpb_wrapper\"><div id=\"ultimate-heading-656269f21649c850c\" class=\"uvc-heading ult-adjust-bottom-margin ultimate-heading-656269f21649c850c uvc-2912  uvc-heading-default-font-sizes\" data-hspacer=\"no_spacer\"  data-halign=\"center\" style=\"text-align:center\"><div class=\"uvc-heading-spacer no_spacer\" style=\"top\"><\/div><div class=\"uvc-main-heading ult-responsive\"  data-ultimate-target='.uvc-heading.ultimate-heading-656269f21649c850c h2'  data-responsive-json-new='{\"font-size\":\"\",\"line-height\":\"\"}' ><h2 style=\"--font-weight:theme;\">B-YOUTH SECURES PROMOTION TO PERFORMANCE CLASS<\/h2><\/div><\/div><div class=\"vc_empty_space\"   style=\"height: 32px\"><span class=\"vc_empty_space_inner\"><\/span><\/div>\n\t<div class=\"wpb_text_column wpb_content_element\" >\n\t\t<div class=\"wpb_wrapper\">\n\t\t\t<p><em>MSV D\u00fcsseldorf U17 &#8211; Rot-Wei\u00df Lintorf U17 2:0 (1:0)<\/em><\/p>\n<p>As first in their group, the B-Youth have been promoted to the performance class. On Sunday, 23 June 2024, they defeated Rot-Wei\u00df Lintorf 2:0 at Heidelberger Stra\u00dfe, making the B youth team the first team to play in the performance class in the next 2024\/2025 season.<\/p>\n<p>The team coached by Zobair Saidi took the lead in the 15th minute. The score remained that way in the first half. A converted penalty made the final score (57'), also because Rot-Wei\u00df Lintorf missed a penalty of their own. The B-youth team leaves Lintorf, Spielvereinigung Hilden 05\/06 and BV 04 II behind.<\/p>\n\n\t\t<\/div>\n\t<\/div>\n<div class=\"vc_empty_space\"   style=\"height: 32px\"><span class=\"vc_empty_space_inner\"><\/span><\/div><div  class=\"vc_wp_text wpb_content_element\"><div class=\"widget widget_text\">\t\t\t<div class=\"textwidget\"><\/p>\n<div id=\"fp-widget_root-2j3Uc25utCIXtH1s8a6wZ1YeHIw\"><a href=\"https:\/\/www.fupa.net\/cup\/quali-zur-leistungsklasse-in-duesseldorf\" target=\"_blank\" rel=\"noopener\">Quali zur Leistungsklasse in D\u00fcsseldorf auf FuPa<\/a><\/div>\n<p><script src=\"https:\/\/widget-api.fupa.net\/vendor\/widget.js?v1\"><\/script><\/p>\n<\/div>\n\t\t<\/div><\/div><div  class=\"vc_wp_text wpb_content_element\"><div class=\"widget widget_text\">\t\t\t<div class=\"textwidget\"><p><script type=\"text\/javascript\" src=\"https:\/\/www.fussball.de\/widgets.js\">\n<\/script><\/p>\n<div class=\"fussballde_widget\" data-id=\"c7deea48-d6fa-45d7-89f8-5b1f88eeaec8\" data-type=\"table\"><\/div>\n<p>\n<\/div>\n\t\t<\/div><\/div><style type=\"text\/css\" data-type=\"the7_shortcodes-inline-css\">.shortcode-single-image-wrap.shortcode-single-image-0d9184fc1d15b6b9e89add256cd6a8a0.enable-bg-rollover .rollover i,\n.shortcode-single-image-wrap.shortcode-single-image-0d9184fc1d15b6b9e89add256cd6a8a0.enable-bg-rollover .rollover-video i {\n  background: -webkit-linear-gradient();\n  background: linear-gradient();\n}\n.shortcode-single-image-wrap.shortcode-single-image-0d9184fc1d15b6b9e89add256cd6a8a0 .rollover-icon {\n  font-size: 32px;\n  color: #ffffff;\n  min-width: 44px;\n  min-height: 44px;\n  line-height: 44px;\n  border-radius: 100px;\n  border-style: solid;\n  border-width: 0px;\n}\n.dt-icon-bg-on.shortcode-single-image-wrap.shortcode-single-image-0d9184fc1d15b6b9e89add256cd6a8a0 .rollover-icon {\n  background: rgba(255,255,255,0.3);\n  box-shadow: none;\n}<\/style><div class=\"shortcode-single-image-wrap shortcode-single-image-0d9184fc1d15b6b9e89add256cd6a8a0 alignnone  enable-bg-rollover dt-icon-bg-off\" style=\"margin-top:0px; margin-bottom:0px; margin-left:0px; margin-right:0px; width:500px;\"><div class=\"shortcode-single-image\"><div class=\"fancy-media-wrap  layzr-bg\" style=\"\"><img fetchpriority=\"high\" decoding=\"async\" class=\"preload-me lazy-load aspect\" src=\"data:image\/svg+xml,%3Csvg%20xmlns%3D&#39;http%3A%2F%2Fwww.w3.org%2F2000%2Fsvg&#39;%20viewBox%3D&#39;0%200%20500%20722&#39;%2F%3E\" data-src=\"https:\/\/msv1995.de\/wp-content\/uploads\/2024\/07\/MSV-U17-Probetraining-1-500x722.jpg\" data-srcset=\"https:\/\/msv1995.de\/wp-content\/uploads\/2024\/07\/MSV-U17-Probetraining-1-500x722.jpg 500w, https:\/\/msv1995.de\/wp-content\/uploads\/2024\/07\/MSV-U17-Probetraining-1.jpg 720w\" loading=\"eager\" sizes=\"(max-width: 500px) 100vw, 500px\" width=\"500\" height=\"722\"  data-dt-location=\"https:\/\/msv1995.de\/en\/msv-u17-probetraining-2\" style=\"--ratio: 500 \/ 722;\" alt=\"\" \/><\/div><\/div><\/div><div class=\"vc_empty_space\"   style=\"height: 32px\"><span class=\"vc_empty_space_inner\"><\/span><\/div><\/div><\/div><\/div><\/div>\n<\/div>","protected":false},"excerpt":{"rendered":"<p>B-Jugend sichert sich Aufstieg in Leistungsklasse MSV D\u00fcsseldorf U17 &#8211; Rot-Wei\u00df Lintorf U17 2:0 (1:0) Als Erster in ihrer Gruppe ist die B-Jugend in die Leistungsklasse aufgestiegen. Am Sonntag, den 23.06.2024, besiegte man Rot-Wei\u00df Lintorf an der Heidelberger Stra\u00dfe mit 2:0. Die B-Jugend steht somit als erste Mannschaft fest, die in der n\u00e4chsten Saison 2024\/2025&hellip;<\/p>","protected":false},"author":1,"featured_media":3428,"comment_status":"open","ping_status":"open","sticky":false,"template":"","format":"standard","meta":{"footnotes":""},"categories":[1],"tags":[],"class_list":["post-3423","post","type-post","status-publish","format-standard","has-post-thumbnail","hentry","category-jugend-aktuell","category-1","description-off"],"_links":{"self":[{"href":"https:\/\/msv1995.de\/en\/wp-json\/wp\/v2\/posts\/3423","targetHints":{"allow":["GET"]}}],"collection":[{"href":"https:\/\/msv1995.de\/en\/wp-json\/wp\/v2\/posts"}],"about":[{"href":"https:\/\/msv1995.de\/en\/wp-json\/wp\/v2\/types\/post"}],"author":[{"embeddable":true,"href":"https:\/\/msv1995.de\/en\/wp-json\/wp\/v2\/users\/1"}],"replies":[{"embeddable":true,"href":"https:\/\/msv1995.de\/en\/wp-json\/wp\/v2\/comments?post=3423"}],"version-history":[{"count":3,"href":"https:\/\/msv1995.de\/en\/wp-json\/wp\/v2\/posts\/3423\/revisions"}],"predecessor-version":[{"id":3427,"href":"https:\/\/msv1995.de\/en\/wp-json\/wp\/v2\/posts\/3423\/revisions\/3427"}],"wp:featuredmedia":[{"embeddable":true,"href":"https:\/\/msv1995.de\/en\/wp-json\/wp\/v2\/media\/3428"}],"wp:attachment":[{"href":"https:\/\/msv1995.de\/en\/wp-json\/wp\/v2\/media?parent=3423"}],"wp:term":[{"taxonomy":"category","embeddable":true,"href":"https:\/\/msv1995.de\/en\/wp-json\/wp\/v2\/categories?post=3423"},{"taxonomy":"post_tag","embeddable":true,"href":"https:\/\/msv1995.de\/en\/wp-json\/wp\/v2\/tags?post=3423"}],"curies":[{"name":"wp","href":"https:\/\/api.w.org\/{rel}","templated":true}]}}