{"id":3879,"date":"2024-11-22T17:32:18","date_gmt":"2024-11-22T17:32:18","guid":{"rendered":"https:\/\/msv1995.de\/?p=3879"},"modified":"2024-11-22T18:08:37","modified_gmt":"2024-11-22T18:08:37","slug":"einladung-zur-jahreshauptversammlung-2024","status":"publish","type":"post","link":"https:\/\/msv1995.de\/en\/einladung-zur-jahreshauptversammlung-2024","title":{"rendered":"Invitation to the Annual General Meeting 2024"},"content":{"rendered":"<div class=\"wpb-content-wrapper\"><div class=\"vc_row wpb_row vc_row-fluid\"><div class=\"wpb_column vc_column_container vc_col-sm-12\"><div class=\"vc_column-inner\"><div class=\"wpb_wrapper\"><div id=\"ultimate-heading-134169f1f7688a31d\" class=\"uvc-heading ult-adjust-bottom-margin ultimate-heading-134169f1f7688a31d uvc-5288  uvc-heading-default-font-sizes\" data-hspacer=\"no_spacer\"  data-halign=\"center\" style=\"text-align:center\"><div class=\"uvc-heading-spacer no_spacer\" style=\"top\"><\/div><div class=\"uvc-main-heading ult-responsive\"  data-ultimate-target='.uvc-heading.ultimate-heading-134169f1f7688a31d h2'  data-responsive-json-new='{\"font-size\":\"\",\"line-height\":\"\"}' ><h2 style=\"--font-weight:theme;\">Invitation to the Annual General Meeting 2024<\/h2><\/div><\/div><div class=\"vc_empty_space\"   style=\"height: 32px\"><span class=\"vc_empty_space_inner\"><\/span><\/div>\n\t<div class=\"wpb_text_column wpb_content_element\" >\n\t\t<div class=\"wpb_wrapper\">\n\t\t\t<p>Dear members,<\/p>\n<p>We would like to cordially invite you to this year's Annual General Meeting of our association. This will take place on <strong>Friday, 6 December 2024, at 7:00 pm<\/strong> in the <strong>Heidelbergerstra\u00dfe 75, 40229 D\u00fcsseldorf<\/strong> (Dieter Forte Comprehensive School sports ground).<\/p>\n<h3><strong>Agenda<\/strong><\/h3>\n<ol>\n<li><strong>Welcome and opening<\/strong><\/li>\n<li><strong>Recognition of the agenda<\/strong><\/li>\n<li><strong>Adoption of the protocol<\/strong><\/li>\n<li><strong>Election of a chairperson and secretary<\/strong><\/li>\n<li><strong>Report of the Executive Board<\/strong>\n<ul>\n<li>Debate and discharge of the Executive Board<\/li>\n<\/ul>\n<\/li>\n<li><strong>Report of the Treasurer<\/strong>\n<ul>\n<li>Report of the auditors<\/li>\n<li>Discharge of the treasurer<\/li>\n<\/ul>\n<\/li>\n<li><strong>Elections<\/strong>\n<ul>\n<li>Election of the 1st Chairman<\/li>\n<li>Election of the 2nd Chairman<\/li>\n<li>Election of the treasurer<\/li>\n<li>Election of the Secretary<\/li>\n<li>Election of the four assessors<\/li>\n<\/ul>\n<\/li>\n<li><strong>Report of the youth department<\/strong><\/li>\n<li><strong>Report of the seniors' department<\/strong><\/li>\n<li><strong>Other<\/strong><\/li>\n<\/ol>\n<p>We ask for your active participation, because only through your involvement can we actively shape the future of our association. Come along to find out more, vote and strengthen the association community.<\/p>\n<p>With best regards,<br \/>\n<strong>N. Mahnin<\/strong> (1st Chairman)<br \/>\n<strong>Hakim El Ghazali<\/strong> (2nd Chairman)<\/p>\n<p>We look forward to seeing you there!<\/p>\n\n\t\t<\/div>\n\t<\/div>\n<div class=\"vc_empty_space\"   style=\"height: 32px\"><span class=\"vc_empty_space_inner\"><\/span><\/div><div  class=\"vc_wp_text wpb_content_element\"><div class=\"widget widget_text\">\t\t\t<div class=\"textwidget\"><p>Click on the text below to get to the invitation!<\/p>\n<p><a href=\"https:\/\/msv1995.de\/wp-content\/uploads\/2024\/11\/Einladung-JHV-MSV-Duesseldorf-24.pdf\">Einladung JHV MSV D\u00fcsseldorf 24<\/a><\/p>\n<\/div>\n\t\t<\/div><\/div><div class=\"vc_empty_space\"   style=\"height: 32px\"><span class=\"vc_empty_space_inner\"><\/span><\/div><\/div><\/div><\/div><\/div>\n<\/div>","protected":false},"excerpt":{"rendered":"<p>Einladung zur Jahreshauptversammlung 2024 Liebe Mitglieder, wir m\u00f6chten euch herzlich zur diesj\u00e4hrigen Jahreshauptversammlung unseres Vereins einladen. Diese findet am Freitag, den 6. Dezember 2024, um 19:00 Uhr in der Heidelbergerstra\u00dfe 75, 40229 D\u00fcsseldorf (Sportplatz Dieter-Forte-Gesamtschule) statt. Tagesordnung Begr\u00fc\u00dfung und Er\u00f6ffnung Anerkennung der Tagesordnung Verabschiedung des Protokolls Wahl einer Sitzungsleitung und Schriftf\u00fchrung Bericht des Vorstandes Aussprache&hellip;<\/p>","protected":false},"author":1,"featured_media":3886,"comment_status":"open","ping_status":"open","sticky":false,"template":"","format":"standard","meta":{"footnotes":""},"categories":[41,1,40],"tags":[],"class_list":["post-3879","post","type-post","status-publish","format-standard","has-post-thumbnail","hentry","category-herren-aktuell","category-jugend-aktuell","category-verein-aktuell","category-41","category-1","category-40","description-off"],"_links":{"self":[{"href":"https:\/\/msv1995.de\/en\/wp-json\/wp\/v2\/posts\/3879","targetHints":{"allow":["GET"]}}],"collection":[{"href":"https:\/\/msv1995.de\/en\/wp-json\/wp\/v2\/posts"}],"about":[{"href":"https:\/\/msv1995.de\/en\/wp-json\/wp\/v2\/types\/post"}],"author":[{"embeddable":true,"href":"https:\/\/msv1995.de\/en\/wp-json\/wp\/v2\/users\/1"}],"replies":[{"embeddable":true,"href":"https:\/\/msv1995.de\/en\/wp-json\/wp\/v2\/comments?post=3879"}],"version-history":[{"count":3,"href":"https:\/\/msv1995.de\/en\/wp-json\/wp\/v2\/posts\/3879\/revisions"}],"predecessor-version":[{"id":3883,"href":"https:\/\/msv1995.de\/en\/wp-json\/wp\/v2\/posts\/3879\/revisions\/3883"}],"wp:featuredmedia":[{"embeddable":true,"href":"https:\/\/msv1995.de\/en\/wp-json\/wp\/v2\/media\/3886"}],"wp:attachment":[{"href":"https:\/\/msv1995.de\/en\/wp-json\/wp\/v2\/media?parent=3879"}],"wp:term":[{"taxonomy":"category","embeddable":true,"href":"https:\/\/msv1995.de\/en\/wp-json\/wp\/v2\/categories?post=3879"},{"taxonomy":"post_tag","embeddable":true,"href":"https:\/\/msv1995.de\/en\/wp-json\/wp\/v2\/tags?post=3879"}],"curies":[{"name":"wp","href":"https:\/\/api.w.org\/{rel}","templated":true}]}}