{"id":4050,"date":"2025-07-27T10:48:06","date_gmt":"2025-07-27T10:48:06","guid":{"rendered":"https:\/\/msv1995.de\/?p=4050"},"modified":"2025-07-27T10:48:58","modified_gmt":"2025-07-27T10:48:58","slug":"neuzugang-mit-grosser-vergangenheit","status":"publish","type":"post","link":"https:\/\/msv1995.de\/en\/neuzugang-mit-grosser-vergangenheit","title":{"rendered":"Neuzugang mit gro\u00dfer Vergangenheit"},"content":{"rendered":"<div class=\"wpb-content-wrapper\"><div class=\"vc_row wpb_row vc_row-fluid\"><div class=\"wpb_column vc_column_container vc_col-sm-12\"><div class=\"vc_column-inner\"><div class=\"wpb_wrapper\"><div id=\"ultimate-heading-439269f27f9269f10\" class=\"uvc-heading ult-adjust-bottom-margin ultimate-heading-439269f27f9269f10 uvc-7224  uvc-heading-default-font-sizes\" data-hspacer=\"no_spacer\"  data-halign=\"center\" style=\"text-align:center\"><div class=\"uvc-heading-spacer no_spacer\" style=\"top\"><\/div><div class=\"uvc-main-heading ult-responsive\"  data-ultimate-target='.uvc-heading.ultimate-heading-439269f27f9269f10 h2'  data-responsive-json-new='{\"font-size\":\"\",\"line-height\":\"\"}' ><h2 style=\"--font-weight:theme;\">Neuzugang mit gro\u00dfer Vergangenheit<\/h2><\/div><\/div><div class=\"vc_empty_space\"   style=\"height: 32px\"><span class=\"vc_empty_space_inner\"><\/span><\/div>\n\t<div class=\"wpb_text_column wpb_content_element\" >\n\t\t<div class=\"wpb_wrapper\">\n\t\t\t<p data-start=\"275\" data-end=\"464\">Wir freuen uns, euch einen echten Hochkar\u00e4ter in unseren Reihen vorstellen zu d\u00fcrfen: Sinan Kurt (29) verst\u00e4rkt ab sofort unsere Offensive beim MSV D\u00fcsseldorf.<\/p>\n<p data-start=\"466\" data-end=\"880\">Der ein oder andere Fu\u00dfballfan wird beim Namen hellh\u00f6rig \u2013 und das nicht ohne Grund. Sinan durchlief die Jugend von Borussia M\u00f6nchengladbach, wechselte 2014 f\u00fcr drei Millionen Euro zum FC Bayern M\u00fcnchen. Dort trainierte er unter keinem Geringeren als Pep Guardiola und wurde sogar in der Bundesliga eingesetzt \u2013 sein Deb\u00fct gab er 2015 gegen Hertha BSC.<\/p>\n<p data-start=\"882\" data-end=\"1159\">Doch wie es im Fu\u00dfball manchmal l\u00e4uft: Die gro\u00dfen Erwartungen erf\u00fcllten sich nicht wie erhofft. Nach Stationen bei Hertha BSC, in \u00d6sterreich und zuletzt bei der Holzheimer SG in der Landesliga will Sinan nun bei uns einen neuen Abschnitt beginnen \u2013 auf und neben dem Platz.<\/p>\n<p data-start=\"1161\" data-end=\"1509\">Unser Sportlicher Leiter Moussa Ouayd bringt es auf den Punkt:<br data-start=\"1227\" data-end=\"1230\" \/>\u201eWir sind eine gro\u00dfe Familie und haben Geduld. Sinan wird sich bei uns wohlf\u00fchlen. Und wenn das der Fall ist, wird er auch seine Leistung abrufen k\u00f6nnen.\u201c<\/p>\n\n\t\t<\/div>\n\t<\/div>\n<div class=\"vc_empty_space\"   style=\"height: 32px\"><span class=\"vc_empty_space_inner\"><\/span><\/div><style type=\"text\/css\" data-type=\"the7_shortcodes-inline-css\">.shortcode-single-image-wrap.shortcode-single-image-b0ba7457f62006f6f4164a697e6bc01a.enable-bg-rollover .rollover i,\n.shortcode-single-image-wrap.shortcode-single-image-b0ba7457f62006f6f4164a697e6bc01a.enable-bg-rollover .rollover-video i {\n  background: -webkit-linear-gradient();\n  background: linear-gradient();\n}\n.shortcode-single-image-wrap.shortcode-single-image-b0ba7457f62006f6f4164a697e6bc01a .rollover-icon {\n  font-size: 32px;\n  color: #ffffff;\n  min-width: 44px;\n  min-height: 44px;\n  line-height: 44px;\n  border-radius: 100px;\n  border-style: solid;\n  border-width: 0px;\n}\n.dt-icon-bg-on.shortcode-single-image-wrap.shortcode-single-image-b0ba7457f62006f6f4164a697e6bc01a .rollover-icon {\n  background: rgba(255,255,255,0.3);\n  box-shadow: none;\n}<\/style><div class=\"shortcode-single-image-wrap shortcode-single-image-b0ba7457f62006f6f4164a697e6bc01a alignnone  enable-bg-rollover dt-icon-bg-off\" style=\"margin-top:0px; margin-bottom:0px; margin-left:0px; margin-right:0px; width:1000px;\"><div class=\"shortcode-single-image\"><div class=\"fancy-media-wrap  layzr-bg\" style=\"\"><img fetchpriority=\"high\" decoding=\"async\" class=\"preload-me lazy-load aspect\" src=\"data:image\/svg+xml,%3Csvg%20xmlns%3D&#39;http%3A%2F%2Fwww.w3.org%2F2000%2Fsvg&#39;%20viewBox%3D&#39;0%200%20992%201177&#39;%2F%3E\" data-src=\"https:\/\/msv1995.de\/wp-content\/uploads\/2025\/07\/9b802f48ad20a8879ef2e8fba35da013cf6f3e1.webp\" data-srcset=\"https:\/\/msv1995.de\/wp-content\/uploads\/2025\/07\/9b802f48ad20a8879ef2e8fba35da013cf6f3e1.webp 992w\" loading=\"eager\" sizes=\"(max-width: 992px) 100vw, 992px\" width=\"992\" height=\"1177\"  data-dt-location=\"https:\/\/msv1995.de\/en\/neuzugang-mit-grosser-vergangenheit\/9b802f48ad20a8879ef2e8fba35da013cf6f3e1\" style=\"--ratio: 992 \/ 1177;\" alt=\"\" \/><\/div><\/div><\/div>\n\t<div class=\"wpb_text_column wpb_content_element\" >\n\t\t<div class=\"wpb_wrapper\">\n\t\t\t<p style=\"text-align: center;\" data-start=\"275\" data-end=\"464\">Foto: picture alliance \/ Pressefoto ULMER\/Markus Ulmer<\/p>\n\n\t\t<\/div>\n\t<\/div>\n<div class=\"vc_empty_space\"   style=\"height: 32px\"><span class=\"vc_empty_space_inner\"><\/span><\/div><\/div><\/div><\/div><\/div>\n<\/div>","protected":false},"excerpt":{"rendered":"<p>Neuzugang mit gro\u00dfer Vergangenheit Wir freuen uns, euch einen echten Hochkar\u00e4ter in unseren Reihen vorstellen zu d\u00fcrfen: Sinan Kurt (29) verst\u00e4rkt ab sofort unsere Offensive beim MSV D\u00fcsseldorf. Der ein oder andere Fu\u00dfballfan wird beim Namen hellh\u00f6rig \u2013 und das nicht ohne Grund. Sinan durchlief die Jugend von Borussia M\u00f6nchengladbach, wechselte 2014 f\u00fcr drei Millionen&hellip;<\/p>","protected":false},"author":1,"featured_media":4051,"comment_status":"open","ping_status":"open","sticky":false,"template":"","format":"standard","meta":{"footnotes":""},"categories":[41],"tags":[],"class_list":["post-4050","post","type-post","status-publish","format-standard","has-post-thumbnail","hentry","category-herren-aktuell","category-41","description-off"],"_links":{"self":[{"href":"https:\/\/msv1995.de\/en\/wp-json\/wp\/v2\/posts\/4050","targetHints":{"allow":["GET"]}}],"collection":[{"href":"https:\/\/msv1995.de\/en\/wp-json\/wp\/v2\/posts"}],"about":[{"href":"https:\/\/msv1995.de\/en\/wp-json\/wp\/v2\/types\/post"}],"author":[{"embeddable":true,"href":"https:\/\/msv1995.de\/en\/wp-json\/wp\/v2\/users\/1"}],"replies":[{"embeddable":true,"href":"https:\/\/msv1995.de\/en\/wp-json\/wp\/v2\/comments?post=4050"}],"version-history":[{"count":3,"href":"https:\/\/msv1995.de\/en\/wp-json\/wp\/v2\/posts\/4050\/revisions"}],"predecessor-version":[{"id":4055,"href":"https:\/\/msv1995.de\/en\/wp-json\/wp\/v2\/posts\/4050\/revisions\/4055"}],"wp:featuredmedia":[{"embeddable":true,"href":"https:\/\/msv1995.de\/en\/wp-json\/wp\/v2\/media\/4051"}],"wp:attachment":[{"href":"https:\/\/msv1995.de\/en\/wp-json\/wp\/v2\/media?parent=4050"}],"wp:term":[{"taxonomy":"category","embeddable":true,"href":"https:\/\/msv1995.de\/en\/wp-json\/wp\/v2\/categories?post=4050"},{"taxonomy":"post_tag","embeddable":true,"href":"https:\/\/msv1995.de\/en\/wp-json\/wp\/v2\/tags?post=4050"}],"curies":[{"name":"wp","href":"https:\/\/api.w.org\/{rel}","templated":true}]}}